{"id":760,"date":"2024-02-14T10:17:42","date_gmt":"2024-02-14T10:17:42","guid":{"rendered":"https:\/\/www.pacaconciergerie.com\/blog\/?p=760"},"modified":"2024-03-04T09:38:15","modified_gmt":"2024-03-04T09:38:15","slug":"les-villages-medievaux","status":"publish","type":"post","link":"https:\/\/www.pacaconciergerie.com\/blog\/les-villages-medievaux\/","title":{"rendered":"Les villages m\u00e9di\u00e9vaux"},"content":{"rendered":"\n<p style=\"font-size:15px\">Le village du Castellet et celui de la Cadi\u00e8re d\u2019azur, tous deux juch\u00e9s sur leurs collines pour un face \u00e0 face surplombant le c\u00e9l\u00e8bre vignoble de Bandol, se font ce que l\u2019on pourrait appeler une bonne guerre.<\/p>\n\n\n\n<figure class=\"wp-block-image size-large\"><img loading=\"lazy\" decoding=\"async\" width=\"1500\" height=\"630\" src=\"https:\/\/www.pacaconciergerie.com\/blog\/wp-content\/uploads\/2024\/02\/castellet-HJBC-2-1500x630.jpg\" alt=\"\" class=\"wp-image-770\"\/><figcaption class=\"wp-element-caption\">\u00a9 <a href=\"https:\/\/www.istockphoto.com\/fr\/photo\/vue-panoramique-lointaine-du-village-du-castellet-france-gm1420405277-466412780?phrase=le+castellet&amp;searchscope=image%2Cfilm\" target=\"_blank\" rel=\"noreferrer noopener\">Istock &#8211; HJBC<\/a><\/figcaption><\/figure>\n\n\n\n<p><\/p>\n\n\n\n<h6 class=\"wp-block-heading has-text-align-left has-text-color has-link-color wp-elements-bca2cf46b3bfa7ba8e3fb493c7c74de8\" id=\"ecosystem\" style=\"color:#3f9284;font-size:16px\"><em>Le Castellet<\/em><\/h6>\n\n\n\n<div class=\"wp-block-columns is-layout-flex wp-container-core-columns-is-layout-9d6595d7 wp-block-columns-is-layout-flex\">\n<div class=\"wp-block-column is-vertically-aligned-top is-layout-flow wp-block-column-is-layout-flow\" style=\"flex-basis:30%\">\n<p style=\"font-size:15px\">Entre remparts, \u00e9glises, chapelles, et&nbsp;&nbsp;ruelles pav\u00e9es, ces authentiques&nbsp;&nbsp;villages m\u00e9di\u00e9vaux sauront vous ravir&nbsp;&nbsp;le temps d\u2019une&nbsp;journ\u00e9e.\u200b <\/p>\n\n\n\n<p style=\"font-size:15px\">D\u00e9marrez par le Castellet, entrer par&nbsp;ces&nbsp; portes fortifi\u00e9es et fl\u00e2nez \u00e0 travers&nbsp;les&nbsp; boutiques.&nbsp;\u200bD\u00e9tendez vous&nbsp;\u00e0&nbsp;la&nbsp;terrasse&nbsp;&nbsp;d\u2019un&nbsp;des&nbsp;nombreux restaurants&nbsp;et&nbsp;&nbsp;profitez&nbsp;de la&nbsp;vue.\u200b<\/p>\n<\/div>\n\n\n\n<div class=\"wp-block-column is-layout-flow wp-block-column-is-layout-flow\" style=\"flex-basis:30%\">\n<figure class=\"wp-block-image size-full is-resized\"><img loading=\"lazy\" decoding=\"async\" width=\"836\" height=\"1115\" src=\"https:\/\/www.pacaconciergerie.com\/blog\/wp-content\/uploads\/2024\/02\/castellet-HJBC2-3-edited.jpg\" alt=\"\" class=\"wp-image-774\" style=\"width:232px;height:auto\" srcset=\"https:\/\/www.pacaconciergerie.com\/blog\/wp-content\/uploads\/2024\/02\/castellet-HJBC2-3-edited.jpg 836w, https:\/\/www.pacaconciergerie.com\/blog\/wp-content\/uploads\/2024\/02\/castellet-HJBC2-3-edited-768x1024.jpg 768w\" sizes=\"auto, (max-width: 836px) 100vw, 836px\" \/><figcaption class=\"wp-element-caption\"><a href=\"https:\/\/www.istockphoto.com\/fr\/photo\/ancienne-ruelle-%C3%A9troite-dans-le-village-de-la-cadi%C3%A8re-dazur-france-gm1420405289-466412779?phrase=la+cadi%C3%A8re&amp;searchscope=image%2Cfilm\" target=\"_blank\" rel=\"noreferrer noopener\">\u00a9 Istock &#8211; HJBC<\/a><\/figcaption><\/figure>\n<\/div>\n\n\n\n<div class=\"wp-block-column is-layout-flow wp-block-column-is-layout-flow\" style=\"flex-basis:40%\">\n<figure class=\"wp-block-image size-full\"><img loading=\"lazy\" decoding=\"async\" width=\"1254\" height=\"836\" src=\"https:\/\/www.pacaconciergerie.com\/blog\/wp-content\/uploads\/2024\/02\/castellet-2.jpg\" alt=\"\" class=\"wp-image-769\" srcset=\"https:\/\/www.pacaconciergerie.com\/blog\/wp-content\/uploads\/2024\/02\/castellet-2.jpg 1254w, https:\/\/www.pacaconciergerie.com\/blog\/wp-content\/uploads\/2024\/02\/castellet-2-360x240.jpg 360w, https:\/\/www.pacaconciergerie.com\/blog\/wp-content\/uploads\/2024\/02\/castellet-2-768x512.jpg 768w\" sizes=\"auto, (max-width: 1254px) 100vw, 1254px\" \/><figcaption class=\"wp-element-caption\">\u00a9<a href=\"https:\/\/www.istockphoto.com\/fr\/photo\/village-proven%C3%A7al-du-castellet-gm1398364966-452531220\" target=\"_blank\" rel=\"noreferrer noopener\"> Istock &#8211; Jerome Delaunay<\/a><\/figcaption><\/figure>\n<\/div>\n<\/div>\n\n\n\n<h6 class=\"wp-block-heading has-text-align-left has-text-color has-link-color wp-elements-c4caa72cc730baa7262aa46db3e1a5c2\" id=\"ecosystem\" style=\"color:#3f9284;font-size:16px\"><em>La Cadi\u00e8re d&rsquo;Azur<\/em><\/h6>\n\n\n\n<p style=\"font-size:15px\">Vous pourrez ensuite vous rendre \u00e0 La Cadi\u00e8re d&rsquo;Azur, capitale du terroir des vins de Bandol, elle saura vous captiver par sa lumi\u00e8re, son \u00e9glise du 16\u00e8me si\u00e8cle et sa tour de l&rsquo;horloge.<\/p>\n\n\n\n<p style=\"font-size:15px\">Une belle mani\u00e8re de d\u00e9couvrir ce que sont les villages typiquement proven\u00e7aux.<\/p>\n\n\n\n<p style=\"font-size:15px\">\u200b<\/p>\n\n\n\n<h6 class=\"wp-block-heading has-text-align-left has-text-color has-link-color wp-elements-eb67f45b980a8d6a93c1363b5992e40e\" id=\"ecosystem\" style=\"color:#3f9284;font-size:16px\"><em>Pour en savoir plus:<\/em><\/h6>\n\n\n\n<p style=\"font-size:15px\"><a href=\"https:\/\/www.visitvar.fr\/fr\/les-incontournables\/plus-beaux-villages\/le-castellet-et-la-cadiere-dazur\/\" target=\"_blank\" rel=\"noreferrer noopener\">Les incontournables<\/a><\/p>\n\n\n\n<p><\/p>\n","protected":false},"excerpt":{"rendered":"<p>Le village du Castellet et celui de la Cadi\u00e8re d\u2019azur, tous deux juch\u00e9s sur leurs collines pour un face \u00e0&#8230;<\/p>\n","protected":false},"author":2,"featured_media":0,"comment_status":"open","ping_status":"open","sticky":false,"template":"","format":"standard","meta":{"footnotes":""},"categories":[8],"tags":[],"class_list":["post-760","post","type-post","status-publish","format-standard","hentry","category-journees-decouverte"],"yoast_head":"<!-- This site is optimized with the Yoast SEO plugin v27.5 - https:\/\/yoast.com\/product\/yoast-seo-wordpress\/ -->\n<title>Les villages m\u00e9di\u00e9vaux - Blog<\/title>\n<meta name=\"robots\" content=\"index, follow, max-snippet:-1, max-image-preview:large, max-video-preview:-1\" \/>\n<link rel=\"canonical\" href=\"https:\/\/www.pacaconciergerie.com\/blog\/les-villages-medievaux\/\" \/>\n<meta property=\"og:locale\" content=\"fr_FR\" \/>\n<meta property=\"og:type\" content=\"article\" \/>\n<meta property=\"og:title\" content=\"Les villages m\u00e9di\u00e9vaux - Blog\" \/>\n<meta property=\"og:description\" content=\"Le village du Castellet et celui de la Cadi\u00e8re d\u2019azur, tous deux juch\u00e9s sur leurs collines pour un face \u00e0...\" \/>\n<meta property=\"og:url\" content=\"https:\/\/www.pacaconciergerie.com\/blog\/les-villages-medievaux\/\" \/>\n<meta property=\"og:site_name\" content=\"Blog\" \/>\n<meta property=\"article:published_time\" content=\"2024-02-14T10:17:42+00:00\" \/>\n<meta property=\"article:modified_time\" content=\"2024-03-04T09:38:15+00:00\" \/>\n<meta property=\"og:image\" content=\"https:\/\/www.pacaconciergerie.com\/blog\/wp-content\/uploads\/2024\/02\/castellet-HJBC-2-1500x630.jpg\" \/>\n<meta name=\"author\" content=\"pacaconcierge\" \/>\n<meta name=\"twitter:card\" content=\"summary_large_image\" \/>\n<meta name=\"twitter:label1\" content=\"\u00c9crit par\" \/>\n\t<meta name=\"twitter:data1\" content=\"pacaconcierge\" \/>\n\t<meta name=\"twitter:label2\" content=\"Dur\u00e9e de lecture estim\u00e9e\" \/>\n\t<meta name=\"twitter:data2\" content=\"2 minutes\" \/>\n<script type=\"application\/ld+json\" class=\"yoast-schema-graph\">{\"@context\":\"https:\\\/\\\/schema.org\",\"@graph\":[{\"@type\":\"Article\",\"@id\":\"https:\\\/\\\/www.pacaconciergerie.com\\\/blog\\\/les-villages-medievaux\\\/#article\",\"isPartOf\":{\"@id\":\"https:\\\/\\\/www.pacaconciergerie.com\\\/blog\\\/les-villages-medievaux\\\/\"},\"author\":{\"name\":\"pacaconcierge\",\"@id\":\"https:\\\/\\\/www.pacaconciergerie.com\\\/blog\\\/#\\\/schema\\\/person\\\/0c96f517b22ffd4fe85c937d260b7a57\"},\"headline\":\"Les villages m\u00e9di\u00e9vaux\",\"datePublished\":\"2024-02-14T10:17:42+00:00\",\"dateModified\":\"2024-03-04T09:38:15+00:00\",\"mainEntityOfPage\":{\"@id\":\"https:\\\/\\\/www.pacaconciergerie.com\\\/blog\\\/les-villages-medievaux\\\/\"},\"wordCount\":201,\"commentCount\":0,\"image\":{\"@id\":\"https:\\\/\\\/www.pacaconciergerie.com\\\/blog\\\/les-villages-medievaux\\\/#primaryimage\"},\"thumbnailUrl\":\"https:\\\/\\\/www.pacaconciergerie.com\\\/blog\\\/wp-content\\\/uploads\\\/2024\\\/02\\\/castellet-HJBC-2-1500x630.jpg\",\"articleSection\":[\"Journ\u00e9es d\u00e9couverte\"],\"inLanguage\":\"fr-FR\",\"potentialAction\":[{\"@type\":\"CommentAction\",\"name\":\"Comment\",\"target\":[\"https:\\\/\\\/www.pacaconciergerie.com\\\/blog\\\/les-villages-medievaux\\\/#respond\"]}]},{\"@type\":\"WebPage\",\"@id\":\"https:\\\/\\\/www.pacaconciergerie.com\\\/blog\\\/les-villages-medievaux\\\/\",\"url\":\"https:\\\/\\\/www.pacaconciergerie.com\\\/blog\\\/les-villages-medievaux\\\/\",\"name\":\"Les villages m\u00e9di\u00e9vaux - Blog\",\"isPartOf\":{\"@id\":\"https:\\\/\\\/www.pacaconciergerie.com\\\/blog\\\/#website\"},\"primaryImageOfPage\":{\"@id\":\"https:\\\/\\\/www.pacaconciergerie.com\\\/blog\\\/les-villages-medievaux\\\/#primaryimage\"},\"image\":{\"@id\":\"https:\\\/\\\/www.pacaconciergerie.com\\\/blog\\\/les-villages-medievaux\\\/#primaryimage\"},\"thumbnailUrl\":\"https:\\\/\\\/www.pacaconciergerie.com\\\/blog\\\/wp-content\\\/uploads\\\/2024\\\/02\\\/castellet-HJBC-2-1500x630.jpg\",\"datePublished\":\"2024-02-14T10:17:42+00:00\",\"dateModified\":\"2024-03-04T09:38:15+00:00\",\"author\":{\"@id\":\"https:\\\/\\\/www.pacaconciergerie.com\\\/blog\\\/#\\\/schema\\\/person\\\/0c96f517b22ffd4fe85c937d260b7a57\"},\"breadcrumb\":{\"@id\":\"https:\\\/\\\/www.pacaconciergerie.com\\\/blog\\\/les-villages-medievaux\\\/#breadcrumb\"},\"inLanguage\":\"fr-FR\",\"potentialAction\":[{\"@type\":\"ReadAction\",\"target\":[\"https:\\\/\\\/www.pacaconciergerie.com\\\/blog\\\/les-villages-medievaux\\\/\"]}]},{\"@type\":\"ImageObject\",\"inLanguage\":\"fr-FR\",\"@id\":\"https:\\\/\\\/www.pacaconciergerie.com\\\/blog\\\/les-villages-medievaux\\\/#primaryimage\",\"url\":\"https:\\\/\\\/www.pacaconciergerie.com\\\/blog\\\/wp-content\\\/uploads\\\/2024\\\/02\\\/castellet-HJBC-2.jpg\",\"contentUrl\":\"https:\\\/\\\/www.pacaconciergerie.com\\\/blog\\\/wp-content\\\/uploads\\\/2024\\\/02\\\/castellet-HJBC-2.jpg\",\"width\":1658,\"height\":632,\"caption\":\"Distant panoramic view of the village of Le Castellet, France, built on top of a hill overlooking the surrounding countryside and vineyards of Bandol, in the French department of Var\"},{\"@type\":\"BreadcrumbList\",\"@id\":\"https:\\\/\\\/www.pacaconciergerie.com\\\/blog\\\/les-villages-medievaux\\\/#breadcrumb\",\"itemListElement\":[{\"@type\":\"ListItem\",\"position\":1,\"name\":\"Home\",\"item\":\"https:\\\/\\\/www.pacaconciergerie.com\\\/blog\\\/\"},{\"@type\":\"ListItem\",\"position\":2,\"name\":\"Les villages m\u00e9di\u00e9vaux\"}]},{\"@type\":\"WebSite\",\"@id\":\"https:\\\/\\\/www.pacaconciergerie.com\\\/blog\\\/#website\",\"url\":\"https:\\\/\\\/www.pacaconciergerie.com\\\/blog\\\/\",\"name\":\"Blog\",\"description\":\"Pacaconcierge\",\"potentialAction\":[{\"@type\":\"SearchAction\",\"target\":{\"@type\":\"EntryPoint\",\"urlTemplate\":\"https:\\\/\\\/www.pacaconciergerie.com\\\/blog\\\/?s={search_term_string}\"},\"query-input\":{\"@type\":\"PropertyValueSpecification\",\"valueRequired\":true,\"valueName\":\"search_term_string\"}}],\"inLanguage\":\"fr-FR\"},{\"@type\":\"Person\",\"@id\":\"https:\\\/\\\/www.pacaconciergerie.com\\\/blog\\\/#\\\/schema\\\/person\\\/0c96f517b22ffd4fe85c937d260b7a57\",\"name\":\"pacaconcierge\",\"image\":{\"@type\":\"ImageObject\",\"inLanguage\":\"fr-FR\",\"@id\":\"https:\\\/\\\/secure.gravatar.com\\\/avatar\\\/1b90f2d9ed278b7d5076f19835905aaa3de9d91c6586bae860e79f6aa07e84d3?s=96&d=mm&r=g\",\"url\":\"https:\\\/\\\/secure.gravatar.com\\\/avatar\\\/1b90f2d9ed278b7d5076f19835905aaa3de9d91c6586bae860e79f6aa07e84d3?s=96&d=mm&r=g\",\"contentUrl\":\"https:\\\/\\\/secure.gravatar.com\\\/avatar\\\/1b90f2d9ed278b7d5076f19835905aaa3de9d91c6586bae860e79f6aa07e84d3?s=96&d=mm&r=g\",\"caption\":\"pacaconcierge\"},\"url\":\"https:\\\/\\\/www.pacaconciergerie.com\\\/blog\\\/author\\\/pacaconcierge\\\/\"}]}<\/script>\n<!-- \/ Yoast SEO plugin. -->","yoast_head_json":{"title":"Les villages m\u00e9di\u00e9vaux - Blog","robots":{"index":"index","follow":"follow","max-snippet":"max-snippet:-1","max-image-preview":"max-image-preview:large","max-video-preview":"max-video-preview:-1"},"canonical":"https:\/\/www.pacaconciergerie.com\/blog\/les-villages-medievaux\/","og_locale":"fr_FR","og_type":"article","og_title":"Les villages m\u00e9di\u00e9vaux - Blog","og_description":"Le village du Castellet et celui de la Cadi\u00e8re d\u2019azur, tous deux juch\u00e9s sur leurs collines pour un face \u00e0...","og_url":"https:\/\/www.pacaconciergerie.com\/blog\/les-villages-medievaux\/","og_site_name":"Blog","article_published_time":"2024-02-14T10:17:42+00:00","article_modified_time":"2024-03-04T09:38:15+00:00","og_image":[{"url":"https:\/\/www.pacaconciergerie.com\/blog\/wp-content\/uploads\/2024\/02\/castellet-HJBC-2-1500x630.jpg","type":"","width":"","height":""}],"author":"pacaconcierge","twitter_card":"summary_large_image","twitter_misc":{"\u00c9crit par":"pacaconcierge","Dur\u00e9e de lecture estim\u00e9e":"2 minutes"},"schema":{"@context":"https:\/\/schema.org","@graph":[{"@type":"Article","@id":"https:\/\/www.pacaconciergerie.com\/blog\/les-villages-medievaux\/#article","isPartOf":{"@id":"https:\/\/www.pacaconciergerie.com\/blog\/les-villages-medievaux\/"},"author":{"name":"pacaconcierge","@id":"https:\/\/www.pacaconciergerie.com\/blog\/#\/schema\/person\/0c96f517b22ffd4fe85c937d260b7a57"},"headline":"Les villages m\u00e9di\u00e9vaux","datePublished":"2024-02-14T10:17:42+00:00","dateModified":"2024-03-04T09:38:15+00:00","mainEntityOfPage":{"@id":"https:\/\/www.pacaconciergerie.com\/blog\/les-villages-medievaux\/"},"wordCount":201,"commentCount":0,"image":{"@id":"https:\/\/www.pacaconciergerie.com\/blog\/les-villages-medievaux\/#primaryimage"},"thumbnailUrl":"https:\/\/www.pacaconciergerie.com\/blog\/wp-content\/uploads\/2024\/02\/castellet-HJBC-2-1500x630.jpg","articleSection":["Journ\u00e9es d\u00e9couverte"],"inLanguage":"fr-FR","potentialAction":[{"@type":"CommentAction","name":"Comment","target":["https:\/\/www.pacaconciergerie.com\/blog\/les-villages-medievaux\/#respond"]}]},{"@type":"WebPage","@id":"https:\/\/www.pacaconciergerie.com\/blog\/les-villages-medievaux\/","url":"https:\/\/www.pacaconciergerie.com\/blog\/les-villages-medievaux\/","name":"Les villages m\u00e9di\u00e9vaux - Blog","isPartOf":{"@id":"https:\/\/www.pacaconciergerie.com\/blog\/#website"},"primaryImageOfPage":{"@id":"https:\/\/www.pacaconciergerie.com\/blog\/les-villages-medievaux\/#primaryimage"},"image":{"@id":"https:\/\/www.pacaconciergerie.com\/blog\/les-villages-medievaux\/#primaryimage"},"thumbnailUrl":"https:\/\/www.pacaconciergerie.com\/blog\/wp-content\/uploads\/2024\/02\/castellet-HJBC-2-1500x630.jpg","datePublished":"2024-02-14T10:17:42+00:00","dateModified":"2024-03-04T09:38:15+00:00","author":{"@id":"https:\/\/www.pacaconciergerie.com\/blog\/#\/schema\/person\/0c96f517b22ffd4fe85c937d260b7a57"},"breadcrumb":{"@id":"https:\/\/www.pacaconciergerie.com\/blog\/les-villages-medievaux\/#breadcrumb"},"inLanguage":"fr-FR","potentialAction":[{"@type":"ReadAction","target":["https:\/\/www.pacaconciergerie.com\/blog\/les-villages-medievaux\/"]}]},{"@type":"ImageObject","inLanguage":"fr-FR","@id":"https:\/\/www.pacaconciergerie.com\/blog\/les-villages-medievaux\/#primaryimage","url":"https:\/\/www.pacaconciergerie.com\/blog\/wp-content\/uploads\/2024\/02\/castellet-HJBC-2.jpg","contentUrl":"https:\/\/www.pacaconciergerie.com\/blog\/wp-content\/uploads\/2024\/02\/castellet-HJBC-2.jpg","width":1658,"height":632,"caption":"Distant panoramic view of the village of Le Castellet, France, built on top of a hill overlooking the surrounding countryside and vineyards of Bandol, in the French department of Var"},{"@type":"BreadcrumbList","@id":"https:\/\/www.pacaconciergerie.com\/blog\/les-villages-medievaux\/#breadcrumb","itemListElement":[{"@type":"ListItem","position":1,"name":"Home","item":"https:\/\/www.pacaconciergerie.com\/blog\/"},{"@type":"ListItem","position":2,"name":"Les villages m\u00e9di\u00e9vaux"}]},{"@type":"WebSite","@id":"https:\/\/www.pacaconciergerie.com\/blog\/#website","url":"https:\/\/www.pacaconciergerie.com\/blog\/","name":"Blog","description":"Pacaconcierge","potentialAction":[{"@type":"SearchAction","target":{"@type":"EntryPoint","urlTemplate":"https:\/\/www.pacaconciergerie.com\/blog\/?s={search_term_string}"},"query-input":{"@type":"PropertyValueSpecification","valueRequired":true,"valueName":"search_term_string"}}],"inLanguage":"fr-FR"},{"@type":"Person","@id":"https:\/\/www.pacaconciergerie.com\/blog\/#\/schema\/person\/0c96f517b22ffd4fe85c937d260b7a57","name":"pacaconcierge","image":{"@type":"ImageObject","inLanguage":"fr-FR","@id":"https:\/\/secure.gravatar.com\/avatar\/1b90f2d9ed278b7d5076f19835905aaa3de9d91c6586bae860e79f6aa07e84d3?s=96&d=mm&r=g","url":"https:\/\/secure.gravatar.com\/avatar\/1b90f2d9ed278b7d5076f19835905aaa3de9d91c6586bae860e79f6aa07e84d3?s=96&d=mm&r=g","contentUrl":"https:\/\/secure.gravatar.com\/avatar\/1b90f2d9ed278b7d5076f19835905aaa3de9d91c6586bae860e79f6aa07e84d3?s=96&d=mm&r=g","caption":"pacaconcierge"},"url":"https:\/\/www.pacaconciergerie.com\/blog\/author\/pacaconcierge\/"}]}},"_links":{"self":[{"href":"https:\/\/www.pacaconciergerie.com\/blog\/wp-json\/wp\/v2\/posts\/760","targetHints":{"allow":["GET"]}}],"collection":[{"href":"https:\/\/www.pacaconciergerie.com\/blog\/wp-json\/wp\/v2\/posts"}],"about":[{"href":"https:\/\/www.pacaconciergerie.com\/blog\/wp-json\/wp\/v2\/types\/post"}],"author":[{"embeddable":true,"href":"https:\/\/www.pacaconciergerie.com\/blog\/wp-json\/wp\/v2\/users\/2"}],"replies":[{"embeddable":true,"href":"https:\/\/www.pacaconciergerie.com\/blog\/wp-json\/wp\/v2\/comments?post=760"}],"version-history":[{"count":6,"href":"https:\/\/www.pacaconciergerie.com\/blog\/wp-json\/wp\/v2\/posts\/760\/revisions"}],"predecessor-version":[{"id":959,"href":"https:\/\/www.pacaconciergerie.com\/blog\/wp-json\/wp\/v2\/posts\/760\/revisions\/959"}],"wp:attachment":[{"href":"https:\/\/www.pacaconciergerie.com\/blog\/wp-json\/wp\/v2\/media?parent=760"}],"wp:term":[{"taxonomy":"category","embeddable":true,"href":"https:\/\/www.pacaconciergerie.com\/blog\/wp-json\/wp\/v2\/categories?post=760"},{"taxonomy":"post_tag","embeddable":true,"href":"https:\/\/www.pacaconciergerie.com\/blog\/wp-json\/wp\/v2\/tags?post=760"}],"curies":[{"name":"wp","href":"https:\/\/api.w.org\/{rel}","templated":true}]}}